{"id":3304,"date":"2020-12-31T10:47:11","date_gmt":"2020-12-31T09:47:11","guid":{"rendered":"https:\/\/as-modell.de\/?p=3304"},"modified":"2021-01-13T12:20:35","modified_gmt":"2021-01-13T11:20:35","slug":"ausblick2021","status":"publish","type":"post","link":"https:\/\/as-modell.de\/en\/ausblick2021","title":{"rendered":"31.12.2020 An- und Aussichten zum Jahresausklang"},"content":{"rendered":"<p>2020 ist nun fast vorbei. Gesagt wurde viel und genug dazu. Wir gucken nach vorn.<\/p>\n<p>Aus 2020 sind noch Modelle offen. Die Marschbahnwagen kommen im Mai, die DE2700 folgt dann im Juni 2021.<\/p>\n<p>Bei der El 18 geht es voran. In kleinen Schritten, aber kontinuierlich. Die Schneepfl\u00fcge sind fertig. Am Rahmen beziehungsweise an der Form f\u00fcr den Rahmen wird noch eine Strebe eingearbeitet, die den Rahmen auf H\u00f6he der Drehgestelle stabilisiert. Die Formanpassung findet gerade statt.<\/p>\n<p><img loading=\"lazy\" decoding=\"async\" class=\"alignnone size-full wp-image-3305\" src=\"https:\/\/as-modell.de\/wp-content\/uploads\/2020\/12\/El18-unten.jpg\" alt=\"\" width=\"2400\" height=\"704\" srcset=\"https:\/\/as-modell.de\/wp-content\/uploads\/2020\/12\/El18-unten.jpg 2400w, https:\/\/as-modell.de\/wp-content\/uploads\/2020\/12\/El18-unten-600x176.jpg 600w, https:\/\/as-modell.de\/wp-content\/uploads\/2020\/12\/El18-unten-1200x352.jpg 1200w, https:\/\/as-modell.de\/wp-content\/uploads\/2020\/12\/El18-unten-300x88.jpg 300w, https:\/\/as-modell.de\/wp-content\/uploads\/2020\/12\/El18-unten-1024x300.jpg 1024w, https:\/\/as-modell.de\/wp-content\/uploads\/2020\/12\/El18-unten-768x225.jpg 768w, https:\/\/as-modell.de\/wp-content\/uploads\/2020\/12\/El18-unten-1536x451.jpg 1536w, https:\/\/as-modell.de\/wp-content\/uploads\/2020\/12\/El18-unten-2048x601.jpg 2048w\" sizes=\"auto, (max-width: 2400px) 100vw, 2400px\" \/><\/p>\n<p>Was lange w\u00e4hrt, wird langsam gut. Die Schneepfl\u00fcge sitzen, der neue Testrahmen auch.<\/p>\n<p>In der Zwischenzeit hat Fischer-Modell eine erste Probelackierung mit den Lokgeh\u00e4usen durchgef\u00fchrt. Zun\u00e4chst mit den silbernen Lokomotiven, da diese Farbe am schwierigsten anzumischen ist; sie soll schlie\u00dflich zu den Tomatsuppe-Wagen passen.<\/p>\n<p><img loading=\"lazy\" decoding=\"async\" class=\"alignnone size-full wp-image-3307\" src=\"https:\/\/as-modell.de\/wp-content\/uploads\/2020\/12\/El-18-silber.jpg\" alt=\"\" width=\"2400\" height=\"893\" srcset=\"https:\/\/as-modell.de\/wp-content\/uploads\/2020\/12\/El-18-silber.jpg 2400w, https:\/\/as-modell.de\/wp-content\/uploads\/2020\/12\/El-18-silber-600x223.jpg 600w, https:\/\/as-modell.de\/wp-content\/uploads\/2020\/12\/El-18-silber-1200x447.jpg 1200w, https:\/\/as-modell.de\/wp-content\/uploads\/2020\/12\/El-18-silber-300x112.jpg 300w, https:\/\/as-modell.de\/wp-content\/uploads\/2020\/12\/El-18-silber-1024x381.jpg 1024w, https:\/\/as-modell.de\/wp-content\/uploads\/2020\/12\/El-18-silber-768x286.jpg 768w, https:\/\/as-modell.de\/wp-content\/uploads\/2020\/12\/El-18-silber-1536x572.jpg 1536w, https:\/\/as-modell.de\/wp-content\/uploads\/2020\/12\/El-18-silber-2048x762.jpg 2048w\" sizes=\"auto, (max-width: 2400px) 100vw, 2400px\" \/><\/p>\n<p>So kann nun die Zeit bis zum Eintreffen der Bauteile Rahmen und Schneepfl\u00fcge genutzt werden, um alles f\u00fcrs Lackieren und Bedrucken vorzubereiten.<\/p>\n<p><img loading=\"lazy\" decoding=\"async\" class=\"alignnone size-full wp-image-3309\" src=\"https:\/\/as-modell.de\/wp-content\/uploads\/2020\/12\/El-18-NMJ-first-painting-test-red.jpg\" alt=\"\" width=\"2400\" height=\"1533\" srcset=\"https:\/\/as-modell.de\/wp-content\/uploads\/2020\/12\/El-18-NMJ-first-painting-test-red.jpg 2400w, https:\/\/as-modell.de\/wp-content\/uploads\/2020\/12\/El-18-NMJ-first-painting-test-red-600x383.jpg 600w, https:\/\/as-modell.de\/wp-content\/uploads\/2020\/12\/El-18-NMJ-first-painting-test-red-1200x767.jpg 1200w, https:\/\/as-modell.de\/wp-content\/uploads\/2020\/12\/El-18-NMJ-first-painting-test-red-300x192.jpg 300w, https:\/\/as-modell.de\/wp-content\/uploads\/2020\/12\/El-18-NMJ-first-painting-test-red-1024x654.jpg 1024w, https:\/\/as-modell.de\/wp-content\/uploads\/2020\/12\/El-18-NMJ-first-painting-test-red-768x491.jpg 768w, https:\/\/as-modell.de\/wp-content\/uploads\/2020\/12\/El-18-NMJ-first-painting-test-red-1536x981.jpg 1536w, https:\/\/as-modell.de\/wp-content\/uploads\/2020\/12\/El-18-NMJ-first-painting-test-red-2048x1308.jpg 2048w\" sizes=\"auto, (max-width: 2400px) 100vw, 2400px\" \/>Auch eine Farbvariante ist bereits angetestet. Die Lackiermasken brauchen noch etwas Anpassung, es sieht aber schon gut aus. Wir haben hier ein Sondermodell exklusiv f\u00fcr NMJ zum 40j\u00e4hrigen Bestehen des Unternehmens. Das Dach wird beim fertigen Modell nat\u00fcrlich vorbildgerecht grau sein.<\/p>\n<p>Es ist also noch ein bisschen was zu tun. Aber: wir arbeiten auch an Neuheiten. Darunter auch etwas, was&#8230;..aber: lassen Sie sich \u00fcberraschen! Wir zeigen es am 24. Januar 2021 hier auf diesem Kanal.<\/p>\n<p>Kommen Sie gut nach 2021!<\/p>\n<p>Christian Arndt von ASM<\/p>\n","protected":false},"excerpt":{"rendered":"<p>2020 ist nun fast vorbei. Gesagt wurde viel und genug dazu. Wir gucken nach vorn. Aus 2020 sind noch Modelle offen. Die Marschbahnwagen kommen im Mai, die DE2700 folgt dann im Juni 2021. Bei der El 18 geht es voran. In kleinen Schritten, aber kontinuierlich. Die Schneepfl\u00fcge sind fertig. Am Rahmen beziehungsweise an der FormContinue reading &rarr;<\/p>\n","protected":false},"author":2,"featured_media":0,"comment_status":"closed","ping_status":"open","sticky":false,"template":"","format":"standard","meta":{"footnotes":""},"categories":[38,113,107],"tags":[],"class_list":["post-3304","post","type-post","status-publish","format-standard","hentry","category-entstehung","category-loks","category-unternehmensneuigkeiten","no-thumb"],"_links":{"self":[{"href":"https:\/\/as-modell.de\/en\/wp-json\/wp\/v2\/posts\/3304","targetHints":{"allow":["GET"]}}],"collection":[{"href":"https:\/\/as-modell.de\/en\/wp-json\/wp\/v2\/posts"}],"about":[{"href":"https:\/\/as-modell.de\/en\/wp-json\/wp\/v2\/types\/post"}],"author":[{"embeddable":true,"href":"https:\/\/as-modell.de\/en\/wp-json\/wp\/v2\/users\/2"}],"replies":[{"embeddable":true,"href":"https:\/\/as-modell.de\/en\/wp-json\/wp\/v2\/comments?post=3304"}],"version-history":[{"count":0,"href":"https:\/\/as-modell.de\/en\/wp-json\/wp\/v2\/posts\/3304\/revisions"}],"wp:attachment":[{"href":"https:\/\/as-modell.de\/en\/wp-json\/wp\/v2\/media?parent=3304"}],"wp:term":[{"taxonomy":"category","embeddable":true,"href":"https:\/\/as-modell.de\/en\/wp-json\/wp\/v2\/categories?post=3304"},{"taxonomy":"post_tag","embeddable":true,"href":"https:\/\/as-modell.de\/en\/wp-json\/wp\/v2\/tags?post=3304"}],"curies":[{"name":"wp","href":"https:\/\/api.w.org\/{rel}","templated":true}]}}